{"id":254,"date":"2022-06-17T14:17:14","date_gmt":"2022-06-17T12:17:14","guid":{"rendered":"http:\/\/ecs5-wp-bonbonbon.martinvillanove.com\/ecs5-wp-bonbonbon\/?p=254"},"modified":"2022-06-27T22:31:31","modified_gmt":"2022-06-27T20:31:31","slug":"soiree-1er-juillet","status":"publish","type":"post","link":"https:\/\/ecs5-wp-bonbonbon.martinvillanove.com\/ecs5-wp-bonbonbon\/soiree-1er-juillet\/","title":{"rendered":"Journ\u00e9e fabrication et d\u00e9gustation de bonbons"},"content":{"rendered":"<div class=\"wp-block-image imageRadius\">\n<figure class=\"aligncenter size-large\"><img loading=\"lazy\" decoding=\"async\" width=\"1024\" height=\"759\" src=\"https:\/\/ecs5-wp-bonbonbon.martinvillanove.com\/ecs5-wp-bonbonbon\/wp-content\/uploads\/2022\/06\/demoulage-bonbon-1024x759.png\" alt=\"D\u00e9moulage de bonbons\" class=\"wp-image-457\" srcset=\"https:\/\/ecs5-wp-bonbonbon.martinvillanove.com\/ecs5-wp-bonbonbon\/wp-content\/uploads\/2022\/06\/demoulage-bonbon-1024x759.png 1024w, https:\/\/ecs5-wp-bonbonbon.martinvillanove.com\/ecs5-wp-bonbonbon\/wp-content\/uploads\/2022\/06\/demoulage-bonbon-300x222.png 300w, https:\/\/ecs5-wp-bonbonbon.martinvillanove.com\/ecs5-wp-bonbonbon\/wp-content\/uploads\/2022\/06\/demoulage-bonbon-768x569.png 768w, https:\/\/ecs5-wp-bonbonbon.martinvillanove.com\/ecs5-wp-bonbonbon\/wp-content\/uploads\/2022\/06\/demoulage-bonbon-81x60.png 81w, https:\/\/ecs5-wp-bonbonbon.martinvillanove.com\/ecs5-wp-bonbonbon\/wp-content\/uploads\/2022\/06\/demoulage-bonbon.png 1073w\" sizes=\"auto, (max-width: 1024px) 100vw, 1024px\" \/><figcaption>D\u00e9moulage des bonbons<\/figcaption><\/figure>\n<\/div>\n\n\n<p>La fin de l&rsquo;ann\u00e9e scolaire approche un grand pas. Pour f\u00eater l&rsquo;arriv\u00e9e des grandes vacances, les Bonbonbons vous invitent \u00e0 partager un moment convivial et gastronomique.<\/p>\n\n\n\n<p>L&rsquo;occasion de venir d\u00e9guster nos d\u00e9licieux bonbons, de d\u00e9couvrir nos talentueux artisans sur le territoire et de participer aux ateliers <strong>\u00ab\u00a0fabriquer ton bonbon\u00a0\u00bb<\/strong> pour les plus jeunes d&rsquo;entre vous !<\/p>\n\n\n\n<p>Rendez-vous <strong>le 1er Juillet <\/strong>\u00e0 partir de 14h00 \u00e0 <strong>Saint-Michel (16)<\/strong><\/p>\n\n\n\n<div style=\"height:35px\" aria-hidden=\"true\" class=\"wp-block-spacer\"><\/div>\n\n\n\n<div class=\"wp-block-columns is-layout-flex wp-container-core-columns-is-layout-9d6595d7 wp-block-columns-is-layout-flex\">\n<div class=\"wp-block-column is-layout-flow wp-block-column-is-layout-flow\"><div class=\"wp-block-image imageRadius\">\n<figure class=\"aligncenter size-large\"><img loading=\"lazy\" decoding=\"async\" width=\"1024\" height=\"755\" src=\"https:\/\/ecs5-wp-bonbonbon.martinvillanove.com\/ecs5-wp-bonbonbon\/wp-content\/uploads\/2022\/06\/fabrication-bonbon-1024x755.png\" alt=\"fabrication de bonbon\" class=\"wp-image-456\" srcset=\"https:\/\/ecs5-wp-bonbonbon.martinvillanove.com\/ecs5-wp-bonbonbon\/wp-content\/uploads\/2022\/06\/fabrication-bonbon-1024x755.png 1024w, https:\/\/ecs5-wp-bonbonbon.martinvillanove.com\/ecs5-wp-bonbonbon\/wp-content\/uploads\/2022\/06\/fabrication-bonbon-300x221.png 300w, https:\/\/ecs5-wp-bonbonbon.martinvillanove.com\/ecs5-wp-bonbonbon\/wp-content\/uploads\/2022\/06\/fabrication-bonbon-768x566.png 768w, https:\/\/ecs5-wp-bonbonbon.martinvillanove.com\/ecs5-wp-bonbonbon\/wp-content\/uploads\/2022\/06\/fabrication-bonbon-81x60.png 81w, https:\/\/ecs5-wp-bonbonbon.martinvillanove.com\/ecs5-wp-bonbonbon\/wp-content\/uploads\/2022\/06\/fabrication-bonbon.png 1087w\" sizes=\"auto, (max-width: 1024px) 100vw, 1024px\" \/><figcaption>Remplissage des moules \u00e0 bonbons<\/figcaption><\/figure>\n<\/div><\/div>\n\n\n\n<div class=\"wp-block-column is-layout-flow wp-block-column-is-layout-flow\">\n<p><strong>Au programme de cette journ\u00e9e :<\/strong><\/p>\n\n\n\n<ul class=\"wp-block-list\"><li>Visite de notre boutique. 14h-14h30<\/li><li>D\u00e9couverte de nos artisans 14h45-15h15<\/li><li>Atelier fabrique ton bonbon. 15h30-16h30<\/li><li>D\u00e9gustation des bonbons fabriqu\u00e9s 17h00<\/li><\/ul>\n\n\n\n<p>Le tout avec beaucoup d&rsquo;ondes positives<\/p>\n\n\n\n<p>Pour s&rsquo;inscrire et pour toute information compl\u00e9mentaire, n&rsquo;h\u00e9sitez pas \u00e0 nous contacter sur <strong>contact@bonbon.com<\/strong>.<\/p>\n\n\n\n<div class=\"wp-block-buttons is-layout-flex wp-block-buttons-is-layout-flex\">\n<div class=\"wp-block-button\"><a class=\"wp-block-button__link\" href=\"https:\/\/ecs5-wp-bonbonbon.martinvillanove.com\/ecs5-wp-bonbonbon\/contact\/\">R\u00e9server un atelier<\/a><\/div>\n<\/div>\n<\/div>\n<\/div>\n","protected":false},"excerpt":{"rendered":"<p>La fin de l&rsquo;ann\u00e9e scolaire approche un grand pas. Pour f\u00eater l&rsquo;arriv\u00e9e des grandes vacances, les Bonbonbons vous invitent \u00e0 partager un moment convivial et &hellip; <\/p>\n","protected":false},"author":4,"featured_media":456,"comment_status":"open","ping_status":"open","sticky":false,"template":"","format":"standard","meta":{"footnotes":""},"categories":[35],"tags":[],"class_list":["post-254","post","type-post","status-publish","format-standard","has-post-thumbnail","hentry","category-evenement","latest_post"],"yoast_head":"<!-- This site is optimized with the Yoast SEO plugin v19.1 - https:\/\/yoast.com\/wordpress\/plugins\/seo\/ -->\n<title>Journ\u00e9e fabrication et d\u00e9gustation de bonbons - Les Bonbonbons<\/title>\n<meta name=\"description\" content=\"Soir\u00e9e du 1er juillet organis\u00e9 par la marque les bonbonbons pour f\u00eater la fin de l&#039;ann\u00e9e scolaire 2021-2022\" \/>\n<meta name=\"robots\" content=\"noindex, follow, max-snippet:-1, max-image-preview:large, max-video-preview:-1\" \/>\n<meta property=\"og:locale\" content=\"fr_FR\" \/>\n<meta property=\"og:type\" content=\"article\" \/>\n<meta property=\"og:title\" content=\"Journ\u00e9e fabrication et d\u00e9gustation de bonbons - Les Bonbonbons\" \/>\n<meta property=\"og:description\" content=\"Soir\u00e9e du 1er juillet organis\u00e9 par la marque les bonbonbons pour f\u00eater la fin de l&#039;ann\u00e9e scolaire 2021-2022\" \/>\n<meta property=\"og:url\" content=\"https:\/\/ecs5-wp-bonbonbon.martinvillanove.com\/ecs5-wp-bonbonbon\/soiree-1er-juillet\/\" \/>\n<meta property=\"og:site_name\" content=\"Les Bonbonbons\" \/>\n<meta property=\"article:publisher\" content=\"https:\/\/www.facebook.com\/bonbonbonsciney\/\" \/>\n<meta property=\"article:published_time\" content=\"2022-06-17T12:17:14+00:00\" \/>\n<meta property=\"article:modified_time\" content=\"2022-06-27T20:31:31+00:00\" \/>\n<meta property=\"og:image\" content=\"https:\/\/ecs5-wp-bonbonbon.martinvillanove.com\/ecs5-wp-bonbonbon\/wp-content\/uploads\/2022\/06\/fabrication-bonbon.png\" \/>\n\t<meta property=\"og:image:width\" content=\"1087\" \/>\n\t<meta property=\"og:image:height\" content=\"801\" \/>\n\t<meta property=\"og:image:type\" content=\"image\/png\" \/>\n<meta name=\"twitter:card\" content=\"summary_large_image\" \/>\n<meta name=\"twitter:label1\" content=\"\u00c9crit par\" \/>\n\t<meta name=\"twitter:data1\" content=\"Cl\u00e9ment Michaud\" \/>\n\t<meta name=\"twitter:label2\" content=\"Dur\u00e9e de lecture estim\u00e9e\" \/>\n\t<meta name=\"twitter:data2\" content=\"2 minutes\" \/>\n<script type=\"application\/ld+json\" class=\"yoast-schema-graph\">{\"@context\":\"https:\/\/schema.org\",\"@graph\":[{\"@type\":\"WebSite\",\"@id\":\"https:\/\/ecs5-wp-bonbonbon.martinvillanove.com\/ecs5-wp-bonbonbon\/#website\",\"url\":\"https:\/\/ecs5-wp-bonbonbon.martinvillanove.com\/ecs5-wp-bonbonbon\/\",\"name\":\"Les Bonbonbons\",\"description\":\"Des bonbons 100% \u00e9co-responsable\",\"potentialAction\":[{\"@type\":\"SearchAction\",\"target\":{\"@type\":\"EntryPoint\",\"urlTemplate\":\"https:\/\/ecs5-wp-bonbonbon.martinvillanove.com\/ecs5-wp-bonbonbon\/?s={search_term_string}\"},\"query-input\":\"required name=search_term_string\"}],\"inLanguage\":\"fr-FR\"},{\"@type\":\"ImageObject\",\"inLanguage\":\"fr-FR\",\"@id\":\"https:\/\/ecs5-wp-bonbonbon.martinvillanove.com\/ecs5-wp-bonbonbon\/soiree-1er-juillet\/#primaryimage\",\"url\":\"https:\/\/ecs5-wp-bonbonbon.martinvillanove.com\/ecs5-wp-bonbonbon\/wp-content\/uploads\/2022\/06\/fabrication-bonbon.png\",\"contentUrl\":\"https:\/\/ecs5-wp-bonbonbon.martinvillanove.com\/ecs5-wp-bonbonbon\/wp-content\/uploads\/2022\/06\/fabrication-bonbon.png\",\"width\":1087,\"height\":801,\"caption\":\"fabrication de bonbons\"},{\"@type\":\"WebPage\",\"@id\":\"https:\/\/ecs5-wp-bonbonbon.martinvillanove.com\/ecs5-wp-bonbonbon\/soiree-1er-juillet\/#webpage\",\"url\":\"https:\/\/ecs5-wp-bonbonbon.martinvillanove.com\/ecs5-wp-bonbonbon\/soiree-1er-juillet\/\",\"name\":\"Journ\u00e9e fabrication et d\u00e9gustation de bonbons - Les Bonbonbons\",\"isPartOf\":{\"@id\":\"https:\/\/ecs5-wp-bonbonbon.martinvillanove.com\/ecs5-wp-bonbonbon\/#website\"},\"primaryImageOfPage\":{\"@id\":\"https:\/\/ecs5-wp-bonbonbon.martinvillanove.com\/ecs5-wp-bonbonbon\/soiree-1er-juillet\/#primaryimage\"},\"datePublished\":\"2022-06-17T12:17:14+00:00\",\"dateModified\":\"2022-06-27T20:31:31+00:00\",\"author\":{\"@id\":\"https:\/\/ecs5-wp-bonbonbon.martinvillanove.com\/ecs5-wp-bonbonbon\/#\/schema\/person\/7632f12c3643263bad0803ebed7cde4c\"},\"description\":\"Soir\u00e9e du 1er juillet organis\u00e9 par la marque les bonbonbons pour f\u00eater la fin de l'ann\u00e9e scolaire 2021-2022\",\"breadcrumb\":{\"@id\":\"https:\/\/ecs5-wp-bonbonbon.martinvillanove.com\/ecs5-wp-bonbonbon\/soiree-1er-juillet\/#breadcrumb\"},\"inLanguage\":\"fr-FR\",\"potentialAction\":[{\"@type\":\"ReadAction\",\"target\":[\"https:\/\/ecs5-wp-bonbonbon.martinvillanove.com\/ecs5-wp-bonbonbon\/soiree-1er-juillet\/\"]}]},{\"@type\":\"BreadcrumbList\",\"@id\":\"https:\/\/ecs5-wp-bonbonbon.martinvillanove.com\/ecs5-wp-bonbonbon\/soiree-1er-juillet\/#breadcrumb\",\"itemListElement\":[{\"@type\":\"ListItem\",\"position\":1,\"name\":\"Accueil\",\"item\":\"https:\/\/ecs5-wp-bonbonbon.martinvillanove.com\/ecs5-wp-bonbonbon\/\"},{\"@type\":\"ListItem\",\"position\":2,\"name\":\"Journ\u00e9e fabrication et d\u00e9gustation de bonbons\"}]},{\"@type\":\"Person\",\"@id\":\"https:\/\/ecs5-wp-bonbonbon.martinvillanove.com\/ecs5-wp-bonbonbon\/#\/schema\/person\/7632f12c3643263bad0803ebed7cde4c\",\"name\":\"Cl\u00e9ment Michaud\",\"url\":\"https:\/\/ecs5-wp-bonbonbon.martinvillanove.com\/ecs5-wp-bonbonbon\/author\/clement\/\"}]}<\/script>\n<!-- \/ Yoast SEO plugin. -->","yoast_head_json":{"title":"Journ\u00e9e fabrication et d\u00e9gustation de bonbons - Les Bonbonbons","description":"Soir\u00e9e du 1er juillet organis\u00e9 par la marque les bonbonbons pour f\u00eater la fin de l'ann\u00e9e scolaire 2021-2022","robots":{"index":"noindex","follow":"follow","max-snippet":"max-snippet:-1","max-image-preview":"max-image-preview:large","max-video-preview":"max-video-preview:-1"},"og_locale":"fr_FR","og_type":"article","og_title":"Journ\u00e9e fabrication et d\u00e9gustation de bonbons - Les Bonbonbons","og_description":"Soir\u00e9e du 1er juillet organis\u00e9 par la marque les bonbonbons pour f\u00eater la fin de l'ann\u00e9e scolaire 2021-2022","og_url":"https:\/\/ecs5-wp-bonbonbon.martinvillanove.com\/ecs5-wp-bonbonbon\/soiree-1er-juillet\/","og_site_name":"Les Bonbonbons","article_publisher":"https:\/\/www.facebook.com\/bonbonbonsciney\/","article_published_time":"2022-06-17T12:17:14+00:00","article_modified_time":"2022-06-27T20:31:31+00:00","og_image":[{"width":1087,"height":801,"url":"https:\/\/ecs5-wp-bonbonbon.martinvillanove.com\/ecs5-wp-bonbonbon\/wp-content\/uploads\/2022\/06\/fabrication-bonbon.png","type":"image\/png"}],"twitter_card":"summary_large_image","twitter_misc":{"\u00c9crit par":"Cl\u00e9ment Michaud","Dur\u00e9e de lecture estim\u00e9e":"2 minutes"},"schema":{"@context":"https:\/\/schema.org","@graph":[{"@type":"WebSite","@id":"https:\/\/ecs5-wp-bonbonbon.martinvillanove.com\/ecs5-wp-bonbonbon\/#website","url":"https:\/\/ecs5-wp-bonbonbon.martinvillanove.com\/ecs5-wp-bonbonbon\/","name":"Les Bonbonbons","description":"Des bonbons 100% \u00e9co-responsable","potentialAction":[{"@type":"SearchAction","target":{"@type":"EntryPoint","urlTemplate":"https:\/\/ecs5-wp-bonbonbon.martinvillanove.com\/ecs5-wp-bonbonbon\/?s={search_term_string}"},"query-input":"required name=search_term_string"}],"inLanguage":"fr-FR"},{"@type":"ImageObject","inLanguage":"fr-FR","@id":"https:\/\/ecs5-wp-bonbonbon.martinvillanove.com\/ecs5-wp-bonbonbon\/soiree-1er-juillet\/#primaryimage","url":"https:\/\/ecs5-wp-bonbonbon.martinvillanove.com\/ecs5-wp-bonbonbon\/wp-content\/uploads\/2022\/06\/fabrication-bonbon.png","contentUrl":"https:\/\/ecs5-wp-bonbonbon.martinvillanove.com\/ecs5-wp-bonbonbon\/wp-content\/uploads\/2022\/06\/fabrication-bonbon.png","width":1087,"height":801,"caption":"fabrication de bonbons"},{"@type":"WebPage","@id":"https:\/\/ecs5-wp-bonbonbon.martinvillanove.com\/ecs5-wp-bonbonbon\/soiree-1er-juillet\/#webpage","url":"https:\/\/ecs5-wp-bonbonbon.martinvillanove.com\/ecs5-wp-bonbonbon\/soiree-1er-juillet\/","name":"Journ\u00e9e fabrication et d\u00e9gustation de bonbons - Les Bonbonbons","isPartOf":{"@id":"https:\/\/ecs5-wp-bonbonbon.martinvillanove.com\/ecs5-wp-bonbonbon\/#website"},"primaryImageOfPage":{"@id":"https:\/\/ecs5-wp-bonbonbon.martinvillanove.com\/ecs5-wp-bonbonbon\/soiree-1er-juillet\/#primaryimage"},"datePublished":"2022-06-17T12:17:14+00:00","dateModified":"2022-06-27T20:31:31+00:00","author":{"@id":"https:\/\/ecs5-wp-bonbonbon.martinvillanove.com\/ecs5-wp-bonbonbon\/#\/schema\/person\/7632f12c3643263bad0803ebed7cde4c"},"description":"Soir\u00e9e du 1er juillet organis\u00e9 par la marque les bonbonbons pour f\u00eater la fin de l'ann\u00e9e scolaire 2021-2022","breadcrumb":{"@id":"https:\/\/ecs5-wp-bonbonbon.martinvillanove.com\/ecs5-wp-bonbonbon\/soiree-1er-juillet\/#breadcrumb"},"inLanguage":"fr-FR","potentialAction":[{"@type":"ReadAction","target":["https:\/\/ecs5-wp-bonbonbon.martinvillanove.com\/ecs5-wp-bonbonbon\/soiree-1er-juillet\/"]}]},{"@type":"BreadcrumbList","@id":"https:\/\/ecs5-wp-bonbonbon.martinvillanove.com\/ecs5-wp-bonbonbon\/soiree-1er-juillet\/#breadcrumb","itemListElement":[{"@type":"ListItem","position":1,"name":"Accueil","item":"https:\/\/ecs5-wp-bonbonbon.martinvillanove.com\/ecs5-wp-bonbonbon\/"},{"@type":"ListItem","position":2,"name":"Journ\u00e9e fabrication et d\u00e9gustation de bonbons"}]},{"@type":"Person","@id":"https:\/\/ecs5-wp-bonbonbon.martinvillanove.com\/ecs5-wp-bonbonbon\/#\/schema\/person\/7632f12c3643263bad0803ebed7cde4c","name":"Cl\u00e9ment Michaud","url":"https:\/\/ecs5-wp-bonbonbon.martinvillanove.com\/ecs5-wp-bonbonbon\/author\/clement\/"}]}},"_links":{"self":[{"href":"https:\/\/ecs5-wp-bonbonbon.martinvillanove.com\/ecs5-wp-bonbonbon\/wp-json\/wp\/v2\/posts\/254","targetHints":{"allow":["GET"]}}],"collection":[{"href":"https:\/\/ecs5-wp-bonbonbon.martinvillanove.com\/ecs5-wp-bonbonbon\/wp-json\/wp\/v2\/posts"}],"about":[{"href":"https:\/\/ecs5-wp-bonbonbon.martinvillanove.com\/ecs5-wp-bonbonbon\/wp-json\/wp\/v2\/types\/post"}],"author":[{"embeddable":true,"href":"https:\/\/ecs5-wp-bonbonbon.martinvillanove.com\/ecs5-wp-bonbonbon\/wp-json\/wp\/v2\/users\/4"}],"replies":[{"embeddable":true,"href":"https:\/\/ecs5-wp-bonbonbon.martinvillanove.com\/ecs5-wp-bonbonbon\/wp-json\/wp\/v2\/comments?post=254"}],"version-history":[{"count":14,"href":"https:\/\/ecs5-wp-bonbonbon.martinvillanove.com\/ecs5-wp-bonbonbon\/wp-json\/wp\/v2\/posts\/254\/revisions"}],"predecessor-version":[{"id":629,"href":"https:\/\/ecs5-wp-bonbonbon.martinvillanove.com\/ecs5-wp-bonbonbon\/wp-json\/wp\/v2\/posts\/254\/revisions\/629"}],"wp:featuredmedia":[{"embeddable":true,"href":"https:\/\/ecs5-wp-bonbonbon.martinvillanove.com\/ecs5-wp-bonbonbon\/wp-json\/wp\/v2\/media\/456"}],"wp:attachment":[{"href":"https:\/\/ecs5-wp-bonbonbon.martinvillanove.com\/ecs5-wp-bonbonbon\/wp-json\/wp\/v2\/media?parent=254"}],"wp:term":[{"taxonomy":"category","embeddable":true,"href":"https:\/\/ecs5-wp-bonbonbon.martinvillanove.com\/ecs5-wp-bonbonbon\/wp-json\/wp\/v2\/categories?post=254"},{"taxonomy":"post_tag","embeddable":true,"href":"https:\/\/ecs5-wp-bonbonbon.martinvillanove.com\/ecs5-wp-bonbonbon\/wp-json\/wp\/v2\/tags?post=254"}],"curies":[{"name":"wp","href":"https:\/\/api.w.org\/{rel}","templated":true}]}}